{"id":1326,"date":"2024-01-29T11:55:22","date_gmt":"2024-01-29T11:55:22","guid":{"rendered":"http:\/\/www.lukevatulevaisuus.fi\/?p=1326"},"modified":"2024-01-29T11:55:22","modified_gmt":"2024-01-29T11:55:22","slug":"lukutaitokoordinaattorin-paiva","status":"publish","type":"post","link":"https:\/\/www.lukevatulevaisuus.fi\/index.php\/2024\/01\/29\/lukutaitokoordinaattorin-paiva\/","title":{"rendered":"Lukutaitokoordinaattorin p\u00e4iv\u00e4"},"content":{"rendered":"\n<figure class=\"wp-block-video\"><video controls src=\"http:\/\/www.lukevatulevaisuus.fi\/wp-content\/uploads\/2024\/01\/copy_55E2F8E9-CDF2-4D05-A7EE-9D3BE4A6B6F2.mov\"><\/video><\/figure>\n\n\n\n<p> <\/p>\n\n\n\n<p>My Day! Tervetuloa mukaan lukutaitokoordinaattorin ty\u00f6p\u00e4iv\u00e4\u00e4n! \ud83c\udfc3\ud83d\udcda\ud83d\ude05<\/p>\n\n\n\n<p><br>T\u00e4n\u00e4\u00e4n p\u00e4iv\u00e4ohjelmassa oli kyselytutkimuksen valmistelua ja alakoulun vastuuopettaja Eeron kanssa kev\u00e4\u00e4n ZoneVD-Joonan vierailun suunnittelua, sek\u00e4 kirjahankintoja Satu- rehtorin kanssa.\u00a0<br>P\u00e4\u00e4sin viem\u00e4\u00e4n lukuhaastepalkintoja eskarilaisille ja toivottamaan alakoulun Hilkka-lukukummin tervetulleeksi. Ehdin napata kahvit ja nauttia Suomen parhaasta kouluruuastakin! \u2615\ud83c\udf7d\ufe0f<br>Kirjastossa etsimme ysien kanssa suomalaisten kirjailijoiden teoksia lukutunneilla, ja Siirin kanssa suunniteltiin yhteisty\u00f6t\u00e4 ja kirjoituskilpailua ymp\u00e4rist\u00f6hankkeen kanssa. Mahtava p\u00e4iv\u00e4 siis! \ud83e\udd70<\/p>\n\n\n\n<p>Kiitos kaikille, joiden kanssa t\u00e4t\u00e4 ty\u00f6t\u00e4 tehd\u00e4\u00e4n! \u2764\ufe0f Yhteisty\u00f6ss\u00e4 on voimaa! \ud83d\udcaa\ud83d\ude0d<\/p>\n","protected":false},"excerpt":{"rendered":"<p>My Day! Tervetuloa mukaan lukutaitokoordinaattorin ty\u00f6p\u00e4iv\u00e4\u00e4n! \ud83c\udfc3\ud83d\udcda\ud83d\ude05 T\u00e4n\u00e4\u00e4n p\u00e4iv\u00e4ohjelmassa oli kyselytutkimuksen valmistelua ja alakoulun vastuuopettaja Eeron kanssa kev\u00e4\u00e4n ZoneVD-Joonan vierailun suunnittelua, sek\u00e4 kirjahankintoja Satu- rehtorin kanssa.\u00a0P\u00e4\u00e4sin viem\u00e4\u00e4n lukuhaastepalkintoja eskarilaisille ja toivottamaan alakoulun Hilkka-lukukummin tervetulleeksi. Ehdin napata kahvit ja nauttia Suomen parhaasta kouluruuastakin! \u2615\ud83c\udf7d\ufe0fKirjastossa etsimme ysien kanssa suomalaisten kirjailijoiden teoksia lukutunneilla, ja Siirin kanssa suunniteltiin yhteisty\u00f6t\u00e4 &hellip; <a href=\"https:\/\/www.lukevatulevaisuus.fi\/index.php\/2024\/01\/29\/lukutaitokoordinaattorin-paiva\/\" class=\"more-link\">Jatka artikkeliin <span class=\"screen-reader-text\">Lukutaitokoordinaattorin p\u00e4iv\u00e4<\/span><\/a><\/p>\n","protected":false},"author":1,"featured_media":0,"comment_status":"open","ping_status":"open","sticky":false,"template":"","format":"standard","meta":{"footnotes":""},"categories":[1],"tags":[],"class_list":["post-1326","post","type-post","status-publish","format-standard","hentry","category-uncategorized"],"aioseo_notices":[],"_links":{"self":[{"href":"https:\/\/www.lukevatulevaisuus.fi\/index.php\/wp-json\/wp\/v2\/posts\/1326","targetHints":{"allow":["GET"]}}],"collection":[{"href":"https:\/\/www.lukevatulevaisuus.fi\/index.php\/wp-json\/wp\/v2\/posts"}],"about":[{"href":"https:\/\/www.lukevatulevaisuus.fi\/index.php\/wp-json\/wp\/v2\/types\/post"}],"author":[{"embeddable":true,"href":"https:\/\/www.lukevatulevaisuus.fi\/index.php\/wp-json\/wp\/v2\/users\/1"}],"replies":[{"embeddable":true,"href":"https:\/\/www.lukevatulevaisuus.fi\/index.php\/wp-json\/wp\/v2\/comments?post=1326"}],"version-history":[{"count":1,"href":"https:\/\/www.lukevatulevaisuus.fi\/index.php\/wp-json\/wp\/v2\/posts\/1326\/revisions"}],"predecessor-version":[{"id":1328,"href":"https:\/\/www.lukevatulevaisuus.fi\/index.php\/wp-json\/wp\/v2\/posts\/1326\/revisions\/1328"}],"wp:attachment":[{"href":"https:\/\/www.lukevatulevaisuus.fi\/index.php\/wp-json\/wp\/v2\/media?parent=1326"}],"wp:term":[{"taxonomy":"category","embeddable":true,"href":"https:\/\/www.lukevatulevaisuus.fi\/index.php\/wp-json\/wp\/v2\/categories?post=1326"},{"taxonomy":"post_tag","embeddable":true,"href":"https:\/\/www.lukevatulevaisuus.fi\/index.php\/wp-json\/wp\/v2\/tags?post=1326"}],"curies":[{"name":"wp","href":"https:\/\/api.w.org\/{rel}","templated":true}]}}